{"id":273,"date":"2021-01-12T11:12:49","date_gmt":"2021-01-12T09:12:49","guid":{"rendered":"https:\/\/www.schloss-buedesheim.de\/?p=273"},"modified":"2021-01-12T11:12:49","modified_gmt":"2021-01-12T09:12:49","slug":"neujahrsansprache","status":"publish","type":"post","link":"https:\/\/www.schloss-buedesheim.de\/?p=273","title":{"rendered":"Neujahrsansprache"},"content":{"rendered":"\n<p>Liebe Mitglieder, Freunde und Unterst\u00fctzer,<\/p>\n\n\n\n<p>\u00a0 das Jahr 2020 hat von uns allen sehr viel abverlangt. Zu Beginn des vergangenen Jahres dachten wir, das Virus w\u00fcrde hoffentlich schon bald an uns vorbeiziehen. Leider wurden wir eines Besseren belehrt. Das Virus hat unsere Gesellschaft seit mehr als 10 Monaten fest im Griff und das Vereinsleben grundlegend ver\u00e4ndert. \u00a0 <\/p>\n\n\n\n<p>Das Positive des letzten Jahres war &#8211; unser Altes Schlo\u00df B\u00fcdesheim steht noch. Und, es wurde in den Sommerferien sogar, aufgrund des weitl\u00e4ufigen Areals (Abstandsregeln) f\u00fcr die Ferienspiele unserer Kinder, wieder ins Gemeindeleben eingebunden! \u00a0 <\/p>\n\n\n\n<p>Durch die Pandemie sind grundlegende Herausforderungen der Weltgesellschaft, wie Klimawandel, Umweltschutz und Nachhaltigkeit, nicht mehr im permanenten Fokus. Die Ferienspiele am Alten Schloss in B\u00fcdesheim haben gezeigt, wie wichtig eine gut gelegene Einrichtung f\u00fcr das \u00f6ffentliche Leben ist. Dabei wurde deutlich, dass die Unterhaltung des bestehenden Geb\u00e4udes sowie auch die angestrebte Sanierung des Alten Schlosses Investitionen in die Zukunft sind. Mit vorhandenen \u00f6kologischen und \u00f6konomischen Ressourcen zu wirtschaften soll und muss Ziel unseres Handelns sein, um Werte f\u00fcr unsere Kinder und B\u00fcrger zu schaffen und erhalten. Der Verein ist mit den an ihn gestellten Herausforderungen gewachsen und hat diese Aufgaben gut bew\u00e4ltigt. \u00a0 Mit Zuversicht werden wir auch weiterhin mit Gemeinsinn, Achtsamkeit, R\u00fccksichtnahme sowie Disziplin gut durch die n\u00e4chsten Monate kommen. Unser besonderer Dank gilt unseren Mitgliedern, Freunden und Unterst\u00fctzern. Das letzte Jahr hat uns allen gezeigt, wie wertvoll eine funktionierende Gemeinschaft f\u00fcr ein gutes und faires Miteinander ist. \u00a0 Der Vorstand des Vereins Rettung Altes Schloss B\u00fcdesheim e.V. w\u00fcnscht allen ein gl\u00fcckliches und vor allem gesundes Jahr 2021<\/p>\n","protected":false},"excerpt":{"rendered":"<p>Liebe Mitglieder, Freunde und Unterst\u00fctzer, \u00a0 das Jahr 2020 hat von uns allen sehr viel abverlangt. Zu Beginn des vergangenen Jahres dachten wir, das Virus w\u00fcrde hoffentlich schon bald an&#8230; <a href=\"https:\/\/www.schloss-buedesheim.de\/?p=273\">Read more &raquo;<\/a><\/p>\n","protected":false},"author":1,"featured_media":0,"comment_status":"open","ping_status":"open","sticky":false,"template":"","format":"standard","meta":[],"categories":[1],"tags":[],"_links":{"self":[{"href":"https:\/\/www.schloss-buedesheim.de\/index.php?rest_route=\/wp\/v2\/posts\/273"}],"collection":[{"href":"https:\/\/www.schloss-buedesheim.de\/index.php?rest_route=\/wp\/v2\/posts"}],"about":[{"href":"https:\/\/www.schloss-buedesheim.de\/index.php?rest_route=\/wp\/v2\/types\/post"}],"author":[{"embeddable":true,"href":"https:\/\/www.schloss-buedesheim.de\/index.php?rest_route=\/wp\/v2\/users\/1"}],"replies":[{"embeddable":true,"href":"https:\/\/www.schloss-buedesheim.de\/index.php?rest_route=%2Fwp%2Fv2%2Fcomments&post=273"}],"version-history":[{"count":1,"href":"https:\/\/www.schloss-buedesheim.de\/index.php?rest_route=\/wp\/v2\/posts\/273\/revisions"}],"predecessor-version":[{"id":274,"href":"https:\/\/www.schloss-buedesheim.de\/index.php?rest_route=\/wp\/v2\/posts\/273\/revisions\/274"}],"wp:attachment":[{"href":"https:\/\/www.schloss-buedesheim.de\/index.php?rest_route=%2Fwp%2Fv2%2Fmedia&parent=273"}],"wp:term":[{"taxonomy":"category","embeddable":true,"href":"https:\/\/www.schloss-buedesheim.de\/index.php?rest_route=%2Fwp%2Fv2%2Fcategories&post=273"},{"taxonomy":"post_tag","embeddable":true,"href":"https:\/\/www.schloss-buedesheim.de\/index.php?rest_route=%2Fwp%2Fv2%2Ftags&post=273"}],"curies":[{"name":"wp","href":"https:\/\/api.w.org\/{rel}","templated":true}]}}