{"id":229,"date":"2019-10-25T10:47:21","date_gmt":"2019-10-25T08:47:21","guid":{"rendered":"https:\/\/www.schloss-buedesheim.de\/?p=229"},"modified":"2019-11-04T22:00:56","modified_gmt":"2019-11-04T20:00:56","slug":"herbstfest-am-alten-schloss-in-buedesheim","status":"publish","type":"post","link":"https:\/\/www.schloss-buedesheim.de\/?p=229","title":{"rendered":"Herbstfest am Alten Schloss in B\u00fcdesheim"},"content":{"rendered":"\n<p>Zum Herbstfest mit Federwei\u00dfen und Zwiebelkuchen lud der Verein \u201eRettung Altes Schloss B\u00fcdesheim e.V.\u201c am vergangenen Sonntag. Viele G\u00e4ste und die Vereinsmitglieder erfreuten sich an dem  herbstlichen Angebot, erg\u00e4nzt durch ein Kuchenbuffet mit selbstgebackenen Kuchen und Torten. Auch Besucher aus den Nachbargemeinden interessierten sich f\u00fcr das historische Ensemble mit seiner bewegten Geschichte und genossen bei angenehmen Herbstwetter im Innenhof und Foyer des Schlosses den leckeren rheinhessischen Federwei\u00dfer.<br>Die vom Verein neu angeschafften Weingl\u00e4ser und Porzellangeschirr kamen zum Einsatz. Damit konnte das Fest v\u00f6llig ohne Einweg-Produkte ausgerichtet werden \u2013 ein Beitrag f\u00fcr die Umwelt.<br>Der Vorstand informierte in vielen Besuchergespr\u00e4chen \u00fcber die Arbeit des Vereines. So konnten an diesem Nachmittag neue Vereinsmitglieder gewonnen werden.<br>Herzlichen Dank an alle B\u00e4cker_innen, Helfer_innen und Sponsoren. Das Fest war ein voller Erfolg und wird in die Planungen f\u00fcr das n\u00e4chste Jahr mit aufgenommen.<\/p>\n\n\n\n<figure class=\"wp-block-image\"><img loading=\"lazy\" width=\"1024\" height=\"768\" src=\"https:\/\/www.schloss-buedesheim.de\/wp-content\/uploads\/2019\/10\/Schlossfest-Foto-mit-Gesichtsverschleierung_2-1024x768.jpg\" alt=\"\" class=\"wp-image-237\" srcset=\"https:\/\/www.schloss-buedesheim.de\/wp-content\/uploads\/2019\/10\/Schlossfest-Foto-mit-Gesichtsverschleierung_2-1024x768.jpg 1024w, https:\/\/www.schloss-buedesheim.de\/wp-content\/uploads\/2019\/10\/Schlossfest-Foto-mit-Gesichtsverschleierung_2-300x225.jpg 300w, https:\/\/www.schloss-buedesheim.de\/wp-content\/uploads\/2019\/10\/Schlossfest-Foto-mit-Gesichtsverschleierung_2-768x576.jpg 768w, https:\/\/www.schloss-buedesheim.de\/wp-content\/uploads\/2019\/10\/Schlossfest-Foto-mit-Gesichtsverschleierung_2-624x468.jpg 624w, https:\/\/www.schloss-buedesheim.de\/wp-content\/uploads\/2019\/10\/Schlossfest-Foto-mit-Gesichtsverschleierung_2-240x180.jpg 240w, https:\/\/www.schloss-buedesheim.de\/wp-content\/uploads\/2019\/10\/Schlossfest-Foto-mit-Gesichtsverschleierung_2-640x480.jpg 640w, https:\/\/www.schloss-buedesheim.de\/wp-content\/uploads\/2019\/10\/Schlossfest-Foto-mit-Gesichtsverschleierung_2-620x465.jpg 620w, https:\/\/www.schloss-buedesheim.de\/wp-content\/uploads\/2019\/10\/Schlossfest-Foto-mit-Gesichtsverschleierung_2-400x300.jpg 400w\" sizes=\"(max-width: 1024px) 100vw, 1024px\" \/><\/figure>\n","protected":false},"excerpt":{"rendered":"<p>Zum Herbstfest mit Federwei\u00dfen und Zwiebelkuchen lud der Verein \u201eRettung Altes Schloss B\u00fcdesheim e.V.\u201c am vergangenen Sonntag. Viele G\u00e4ste und die Vereinsmitglieder erfreuten sich an dem herbstlichen Angebot, erg\u00e4nzt durch&#8230; <a href=\"https:\/\/www.schloss-buedesheim.de\/?p=229\">Read more &raquo;<\/a><\/p>\n","protected":false},"author":1,"featured_media":0,"comment_status":"open","ping_status":"open","sticky":false,"template":"","format":"standard","meta":[],"categories":[2,3],"tags":[],"_links":{"self":[{"href":"https:\/\/www.schloss-buedesheim.de\/index.php?rest_route=\/wp\/v2\/posts\/229"}],"collection":[{"href":"https:\/\/www.schloss-buedesheim.de\/index.php?rest_route=\/wp\/v2\/posts"}],"about":[{"href":"https:\/\/www.schloss-buedesheim.de\/index.php?rest_route=\/wp\/v2\/types\/post"}],"author":[{"embeddable":true,"href":"https:\/\/www.schloss-buedesheim.de\/index.php?rest_route=\/wp\/v2\/users\/1"}],"replies":[{"embeddable":true,"href":"https:\/\/www.schloss-buedesheim.de\/index.php?rest_route=%2Fwp%2Fv2%2Fcomments&post=229"}],"version-history":[{"count":3,"href":"https:\/\/www.schloss-buedesheim.de\/index.php?rest_route=\/wp\/v2\/posts\/229\/revisions"}],"predecessor-version":[{"id":257,"href":"https:\/\/www.schloss-buedesheim.de\/index.php?rest_route=\/wp\/v2\/posts\/229\/revisions\/257"}],"wp:attachment":[{"href":"https:\/\/www.schloss-buedesheim.de\/index.php?rest_route=%2Fwp%2Fv2%2Fmedia&parent=229"}],"wp:term":[{"taxonomy":"category","embeddable":true,"href":"https:\/\/www.schloss-buedesheim.de\/index.php?rest_route=%2Fwp%2Fv2%2Fcategories&post=229"},{"taxonomy":"post_tag","embeddable":true,"href":"https:\/\/www.schloss-buedesheim.de\/index.php?rest_route=%2Fwp%2Fv2%2Ftags&post=229"}],"curies":[{"name":"wp","href":"https:\/\/api.w.org\/{rel}","templated":true}]}}