{"id":217,"date":"2019-08-18T12:04:17","date_gmt":"2019-08-18T10:04:17","guid":{"rendered":"https:\/\/www.schloss-buedesheim.de\/?p=217"},"modified":"2019-08-18T12:06:12","modified_gmt":"2019-08-18T10:06:12","slug":"verein-rettung-altes-schloss-buedesheim-setzt-auf-nachhaltigkeit","status":"publish","type":"post","link":"https:\/\/www.schloss-buedesheim.de\/?p=217","title":{"rendered":"Verein Rettung Altes Schloss B\u00fcdesheim setzt auf Nachhaltigkeit"},"content":{"rendered":"\n<p>Vor dem Hintergrund zunehmender Diskussionen um Klima-und Umweltschutz hat sich der Verein \u201eRettung Altes Schloss B\u00fcdesheim\u201c entschieden, bei zuk\u00fcnftigen Veranstaltungen, wie z.B. dem B\u00fcdesheimer Weihnachtsmarkt und Vereinsfesten am und im Alten Schloss, keine Einwegprodukte mehr zu verwenden. Dies haben die Vereinsmitglieder auf der letzten Jahreshauptversammlung einstimmig entschieden. Der Vorstand wurde erm\u00e4chtigt, entsprechende Gl\u00e4ser zu erwerben. Mittlerweile sind die Gl\u00e4ser eingetroffen und sind einsatzbereit.\n&nbsp;\nAngeschafft wurden ein formsch\u00f6nes Weinglas sowie ein Henkelbecher aus besonders geh\u00e4rtetem Glas, um die Nachhaltigkeit zu gew\u00e4hrleisten. Die Gl\u00e4ser und Becher sind mit dem vereinseigenen Logo vom Alten Schloss versehen.\n&nbsp;\nDer Vorstand und die Mitglieder freuen sich, wenn die Gl\u00e4ser bei den bevorstehenden Veranstaltungen zum Einsatz kommen und der aromatische Oriola-Punsch im gl\u00e4sernen Henkelbecher besonders zur Geltung kommt. Hier wird wegweisend f\u00fcr die ganze Gemeinde Sch\u00f6neck im Sinne des Umweltschutzes mit gutem Beispiel vorangegangen.<\/p>\n\n\n\n<div class=\"wp-block-image\"><figure class=\"aligncenter\"><img loading=\"lazy\" width=\"226\" height=\"300\" src=\"https:\/\/www.schloss-buedesheim.de\/wp-content\/uploads\/2019\/08\/Bild-Gl\u00e4ser-226x300.jpg\" alt=\"\" class=\"wp-image-218\" srcset=\"https:\/\/www.schloss-buedesheim.de\/wp-content\/uploads\/2019\/08\/Bild-Gl\u00e4ser-226x300.jpg 226w, https:\/\/www.schloss-buedesheim.de\/wp-content\/uploads\/2019\/08\/Bild-Gl\u00e4ser-768x1021.jpg 768w, https:\/\/www.schloss-buedesheim.de\/wp-content\/uploads\/2019\/08\/Bild-Gl\u00e4ser-771x1024.jpg 771w, https:\/\/www.schloss-buedesheim.de\/wp-content\/uploads\/2019\/08\/Bild-Gl\u00e4ser-624x829.jpg 624w, https:\/\/www.schloss-buedesheim.de\/wp-content\/uploads\/2019\/08\/Bild-Gl\u00e4ser.jpg 1754w\" sizes=\"(max-width: 226px) 100vw, 226px\" \/><\/figure><\/div>\n","protected":false},"excerpt":{"rendered":"<p>Vor dem Hintergrund zunehmender Diskussionen um Klima-und Umweltschutz hat sich der Verein \u201eRettung Altes Schloss B\u00fcdesheim\u201c entschieden, bei zuk\u00fcnftigen Veranstaltungen, wie z.B. dem B\u00fcdesheimer Weihnachtsmarkt und Vereinsfesten am und im&#8230; <a href=\"https:\/\/www.schloss-buedesheim.de\/?p=217\">Read more &raquo;<\/a><\/p>\n","protected":false},"author":1,"featured_media":0,"comment_status":"open","ping_status":"open","sticky":false,"template":"","format":"standard","meta":[],"categories":[3],"tags":[],"_links":{"self":[{"href":"https:\/\/www.schloss-buedesheim.de\/index.php?rest_route=\/wp\/v2\/posts\/217"}],"collection":[{"href":"https:\/\/www.schloss-buedesheim.de\/index.php?rest_route=\/wp\/v2\/posts"}],"about":[{"href":"https:\/\/www.schloss-buedesheim.de\/index.php?rest_route=\/wp\/v2\/types\/post"}],"author":[{"embeddable":true,"href":"https:\/\/www.schloss-buedesheim.de\/index.php?rest_route=\/wp\/v2\/users\/1"}],"replies":[{"embeddable":true,"href":"https:\/\/www.schloss-buedesheim.de\/index.php?rest_route=%2Fwp%2Fv2%2Fcomments&post=217"}],"version-history":[{"count":5,"href":"https:\/\/www.schloss-buedesheim.de\/index.php?rest_route=\/wp\/v2\/posts\/217\/revisions"}],"predecessor-version":[{"id":223,"href":"https:\/\/www.schloss-buedesheim.de\/index.php?rest_route=\/wp\/v2\/posts\/217\/revisions\/223"}],"wp:attachment":[{"href":"https:\/\/www.schloss-buedesheim.de\/index.php?rest_route=%2Fwp%2Fv2%2Fmedia&parent=217"}],"wp:term":[{"taxonomy":"category","embeddable":true,"href":"https:\/\/www.schloss-buedesheim.de\/index.php?rest_route=%2Fwp%2Fv2%2Fcategories&post=217"},{"taxonomy":"post_tag","embeddable":true,"href":"https:\/\/www.schloss-buedesheim.de\/index.php?rest_route=%2Fwp%2Fv2%2Ftags&post=217"}],"curies":[{"name":"wp","href":"https:\/\/api.w.org\/{rel}","templated":true}]}}