{"id":203,"date":"2019-01-09T22:45:27","date_gmt":"2019-01-09T20:45:27","guid":{"rendered":"https:\/\/www.schloss-buedesheim.de\/?p=203"},"modified":"2019-01-09T22:45:27","modified_gmt":"2019-01-09T20:45:27","slug":"aufraeumen-rund-ums-alte-schloss-buedesheim","status":"publish","type":"post","link":"https:\/\/www.schloss-buedesheim.de\/?p=203","title":{"rendered":"Aufr\u00e4umen rund ums Alte Schloss B\u00fcdesheim"},"content":{"rendered":"\n<p>Der\n Vorstand des Vereins \u201eRettung altes Schloss B\u00fcdesheim\u201c hat zur \nAufr\u00e4umaktion rund ums Schloss am 20.10.2018 eingeladen. Bei sch\u00f6nstem \nHerbstwetter fand diese Aktion in Abstimmung mit der Gemeinde Sch\u00f6neck \nstatt. Hintergrund war die mittlerweile starke Verm\u00fcllung im n\u00e4heren \nUmfeld, sowie die \u00dcberwucherung der Fluchtwege mit Efeu und allerlei \nGestr\u00fcpp. <\/p>\n\n\n\n<p>Zahlreiche\n Vereinsmitglieder sowie Gemeindevertreter der WAS-Fraktion trafen sich \nam Nachmittag zur Unterst\u00fctzung vor dem Schloss ein. Die Gemeinde hatte \nbereits im Vorfeld angefangen grob den M\u00fcll zu beseitigen. Dennoch kam \nbei der Aktion noch einiges an M\u00fcll zusammen, u.a. ein Fahrrad, \nComputerzubeh\u00f6r und eine Leiter. Dar\u00fcber hinaus galt es, die \nzugewucherten Fluchtwege frei und zug\u00e4nglich zu machen, um die \nSicherheit der Schlossbewohner und Nutzer des Brendelsaales zu \ngew\u00e4hrleisten. <\/p>\n\n\n\n<p>Nach getaner Arbeit ging es gut gelaunt in den Brendelsaal um den Nachmittag bei Kaffee und Kuchen ausklingen zu lassen. <\/p>\n\n\n\n<figure class=\"wp-block-image\"><img loading=\"lazy\" width=\"1024\" height=\"671\" src=\"https:\/\/www.schloss-buedesheim.de\/wp-content\/uploads\/2019\/01\/Fluchtweg-2-vorher-nachher-1024x671.png\" alt=\"\" class=\"wp-image-205\" srcset=\"https:\/\/www.schloss-buedesheim.de\/wp-content\/uploads\/2019\/01\/Fluchtweg-2-vorher-nachher-1024x671.png 1024w, https:\/\/www.schloss-buedesheim.de\/wp-content\/uploads\/2019\/01\/Fluchtweg-2-vorher-nachher-300x197.png 300w, https:\/\/www.schloss-buedesheim.de\/wp-content\/uploads\/2019\/01\/Fluchtweg-2-vorher-nachher-768x504.png 768w, https:\/\/www.schloss-buedesheim.de\/wp-content\/uploads\/2019\/01\/Fluchtweg-2-vorher-nachher-624x409.png 624w, https:\/\/www.schloss-buedesheim.de\/wp-content\/uploads\/2019\/01\/Fluchtweg-2-vorher-nachher.png 1478w\" sizes=\"(max-width: 1024px) 100vw, 1024px\" \/><figcaption>Fluchtweg vorher \/ nachher<br><br><\/figcaption><\/figure>\n\n\n\n<figure class=\"wp-block-image\"><img loading=\"lazy\" width=\"1024\" height=\"680\" src=\"https:\/\/www.schloss-buedesheim.de\/wp-content\/uploads\/2019\/01\/Fluchtweg-vorher-nachher-1024x680.png\" alt=\"\" class=\"wp-image-204\" srcset=\"https:\/\/www.schloss-buedesheim.de\/wp-content\/uploads\/2019\/01\/Fluchtweg-vorher-nachher-1024x680.png 1024w, https:\/\/www.schloss-buedesheim.de\/wp-content\/uploads\/2019\/01\/Fluchtweg-vorher-nachher-300x199.png 300w, https:\/\/www.schloss-buedesheim.de\/wp-content\/uploads\/2019\/01\/Fluchtweg-vorher-nachher-768x510.png 768w, https:\/\/www.schloss-buedesheim.de\/wp-content\/uploads\/2019\/01\/Fluchtweg-vorher-nachher-624x415.png 624w, https:\/\/www.schloss-buedesheim.de\/wp-content\/uploads\/2019\/01\/Fluchtweg-vorher-nachher.png 1535w\" sizes=\"(max-width: 1024px) 100vw, 1024px\" \/><figcaption>Fluchtweg vorher \/ nachhe<\/figcaption><\/figure>\n\n\n\n<figure class=\"wp-block-image\"><img loading=\"lazy\" width=\"1024\" height=\"760\" src=\"https:\/\/www.schloss-buedesheim.de\/wp-content\/uploads\/2019\/01\/Nachher-1024x760.png\" alt=\"\" class=\"wp-image-206\" srcset=\"https:\/\/www.schloss-buedesheim.de\/wp-content\/uploads\/2019\/01\/Nachher-1024x760.png 1024w, https:\/\/www.schloss-buedesheim.de\/wp-content\/uploads\/2019\/01\/Nachher-300x223.png 300w, https:\/\/www.schloss-buedesheim.de\/wp-content\/uploads\/2019\/01\/Nachher-768x570.png 768w, https:\/\/www.schloss-buedesheim.de\/wp-content\/uploads\/2019\/01\/Nachher-624x463.png 624w, https:\/\/www.schloss-buedesheim.de\/wp-content\/uploads\/2019\/01\/Nachher.png 1771w\" sizes=\"(max-width: 1024px) 100vw, 1024px\" \/><figcaption>&#8230; nachher &#8230;<\/figcaption><\/figure>\n","protected":false},"excerpt":{"rendered":"<p>Der Vorstand des Vereins \u201eRettung altes Schloss B\u00fcdesheim\u201c hat zur Aufr\u00e4umaktion rund ums Schloss am 20.10.2018 eingeladen. Bei sch\u00f6nstem Herbstwetter fand diese Aktion in Abstimmung mit der Gemeinde Sch\u00f6neck statt&#8230;. <a href=\"https:\/\/www.schloss-buedesheim.de\/?p=203\">Read more &raquo;<\/a><\/p>\n","protected":false},"author":1,"featured_media":0,"comment_status":"open","ping_status":"open","sticky":false,"template":"","format":"standard","meta":[],"categories":[2,3],"tags":[],"_links":{"self":[{"href":"https:\/\/www.schloss-buedesheim.de\/index.php?rest_route=\/wp\/v2\/posts\/203"}],"collection":[{"href":"https:\/\/www.schloss-buedesheim.de\/index.php?rest_route=\/wp\/v2\/posts"}],"about":[{"href":"https:\/\/www.schloss-buedesheim.de\/index.php?rest_route=\/wp\/v2\/types\/post"}],"author":[{"embeddable":true,"href":"https:\/\/www.schloss-buedesheim.de\/index.php?rest_route=\/wp\/v2\/users\/1"}],"replies":[{"embeddable":true,"href":"https:\/\/www.schloss-buedesheim.de\/index.php?rest_route=%2Fwp%2Fv2%2Fcomments&post=203"}],"version-history":[{"count":1,"href":"https:\/\/www.schloss-buedesheim.de\/index.php?rest_route=\/wp\/v2\/posts\/203\/revisions"}],"predecessor-version":[{"id":207,"href":"https:\/\/www.schloss-buedesheim.de\/index.php?rest_route=\/wp\/v2\/posts\/203\/revisions\/207"}],"wp:attachment":[{"href":"https:\/\/www.schloss-buedesheim.de\/index.php?rest_route=%2Fwp%2Fv2%2Fmedia&parent=203"}],"wp:term":[{"taxonomy":"category","embeddable":true,"href":"https:\/\/www.schloss-buedesheim.de\/index.php?rest_route=%2Fwp%2Fv2%2Fcategories&post=203"},{"taxonomy":"post_tag","embeddable":true,"href":"https:\/\/www.schloss-buedesheim.de\/index.php?rest_route=%2Fwp%2Fv2%2Ftags&post=203"}],"curies":[{"name":"wp","href":"https:\/\/api.w.org\/{rel}","templated":true}]}}