{"id":176,"date":"2018-05-25T09:23:34","date_gmt":"2018-05-25T07:23:34","guid":{"rendered":"https:\/\/www.schloss-buedesheim.de\/?p=176"},"modified":"2018-05-25T09:23:34","modified_gmt":"2018-05-25T07:23:34","slug":"investor-vom-kauf-zurueckgetreten","status":"publish","type":"post","link":"https:\/\/www.schloss-buedesheim.de\/?p=176","title":{"rendered":"Investor vom Kauf zur\u00fcckgetreten"},"content":{"rendered":"<p>Sehr geehrte Mitglieder und Freunde des Vereins Rettung Altes Schloss B\u00fcdesheim,<\/p>\n<p>hiermit m\u00f6chte ich Euch alle zuerst einmal dar\u00fcber informieren, das der Investor vom Kauf des Altes Schlosses B\u00fcdesheim zur\u00fcckgetreten ist. In der gestrigen Sitzung der Gemeinde wurde dies \u00f6ffentlich bekannt gegeben.<\/p>\n<p>Unsere M\u00fchen und alle Anstregungen haben sich gelohnt. Das Alte Schloss B\u00fcdesheim\u00a0bleibt in \u00f6ffentlicher Hand und es wird nun \u00fcber die richtige\u00a0Sanierung\u00a0nachgedacht.<\/p>\n<p>Ein gro\u00dfartiger Sieg f\u00fcr unseren kleinen aber sehr feinen Verein und f\u00fcr B\u00fcdesheim, sowie ein Gewinn f\u00fcr ganz Sch\u00f6neck. Mein gro\u00dfer Dank geht\u00a0an alle Unterst\u00fctzer. War eine tolle Energieleistung und der lange Atmen und M\u00fchen haben sich gelohnt. Aber nat\u00fcrlich hei\u00dft es auch weiterhin, wachsam bleiben!!<\/p>\n","protected":false},"excerpt":{"rendered":"<p>Sehr geehrte Mitglieder und Freunde des Vereins Rettung Altes Schloss B\u00fcdesheim, hiermit m\u00f6chte ich Euch alle zuerst einmal dar\u00fcber informieren, das der Investor vom Kauf des Altes Schlosses B\u00fcdesheim zur\u00fcckgetreten&#8230; <a href=\"https:\/\/www.schloss-buedesheim.de\/?p=176\">Read more &raquo;<\/a><\/p>\n","protected":false},"author":1,"featured_media":0,"comment_status":"open","ping_status":"open","sticky":false,"template":"","format":"standard","meta":[],"categories":[3],"tags":[],"_links":{"self":[{"href":"https:\/\/www.schloss-buedesheim.de\/index.php?rest_route=\/wp\/v2\/posts\/176"}],"collection":[{"href":"https:\/\/www.schloss-buedesheim.de\/index.php?rest_route=\/wp\/v2\/posts"}],"about":[{"href":"https:\/\/www.schloss-buedesheim.de\/index.php?rest_route=\/wp\/v2\/types\/post"}],"author":[{"embeddable":true,"href":"https:\/\/www.schloss-buedesheim.de\/index.php?rest_route=\/wp\/v2\/users\/1"}],"replies":[{"embeddable":true,"href":"https:\/\/www.schloss-buedesheim.de\/index.php?rest_route=%2Fwp%2Fv2%2Fcomments&post=176"}],"version-history":[{"count":1,"href":"https:\/\/www.schloss-buedesheim.de\/index.php?rest_route=\/wp\/v2\/posts\/176\/revisions"}],"predecessor-version":[{"id":177,"href":"https:\/\/www.schloss-buedesheim.de\/index.php?rest_route=\/wp\/v2\/posts\/176\/revisions\/177"}],"wp:attachment":[{"href":"https:\/\/www.schloss-buedesheim.de\/index.php?rest_route=%2Fwp%2Fv2%2Fmedia&parent=176"}],"wp:term":[{"taxonomy":"category","embeddable":true,"href":"https:\/\/www.schloss-buedesheim.de\/index.php?rest_route=%2Fwp%2Fv2%2Fcategories&post=176"},{"taxonomy":"post_tag","embeddable":true,"href":"https:\/\/www.schloss-buedesheim.de\/index.php?rest_route=%2Fwp%2Fv2%2Ftags&post=176"}],"curies":[{"name":"wp","href":"https:\/\/api.w.org\/{rel}","templated":true}]}}