{"id":158,"date":"2018-02-08T18:43:38","date_gmt":"2018-02-08T16:43:38","guid":{"rendered":"http:\/\/www.schloss-buedesheim.de\/?p=158"},"modified":"2018-02-08T18:43:38","modified_gmt":"2018-02-08T16:43:38","slug":"neujahrsempfang-des-vereins-rettung-altes-schloss-buedesheim-im-brendelsaal","status":"publish","type":"post","link":"https:\/\/www.schloss-buedesheim.de\/?p=158","title":{"rendered":"Neujahrsempfang des Vereins \u201eRettung Altes Schlo\u00df B\u00fcdesheim\u201c im Brendelsaal"},"content":{"rendered":"<p>Am 04.01.2018 hatte der Verein zum diesj\u00e4hrigen Neujahrsempfang geladen. Weit \u00fcber 20 Mitglieder fanden den Weg ins Alte Schlo\u00df B\u00fcdesheim, um sich bei Sekt und Kartoffelsuppe ein paar gem\u00fctliche Stunden zu machen.<\/p>\n<p>Nach einer kurzen Begr\u00fc\u00dfung durch den Vorsitzenden Bernd Hinrichs, gab es einen R\u00fcckblick \u00fcber die Geschehnisse in 2017. Besonders erfreut sind die Mitglieder \u00fcber die Kandidatur des ehemaligen Vereinsvorsitzenden Bj\u00f6rn-Magnus Becker zum Amt des B\u00fcrgermeisters. Die Wahl hierzu findet am 18.02.2018 statt. Die Mitglieder hegen Hoffnung, dass mit einem B\u00fcrgermeister Bj\u00f6rn-Magnus Becker nochmal Schwung in die Diskussion um das \u201eAlte Schlo\u00df B\u00fcdesheim\u201c kommt und es zu einem Erhalt im Besitz der Gemeinde f\u00fchrt. Alle w\u00fcnschen ihm f\u00fcr seine Kandidatur viel Erfolg.<\/p>\n","protected":false},"excerpt":{"rendered":"<p>Am 04.01.2018 hatte der Verein zum diesj\u00e4hrigen Neujahrsempfang geladen. Weit \u00fcber 20 Mitglieder fanden den Weg ins Alte Schlo\u00df B\u00fcdesheim, um sich bei Sekt und Kartoffelsuppe ein paar gem\u00fctliche Stunden&#8230; <a href=\"https:\/\/www.schloss-buedesheim.de\/?p=158\">Read more &raquo;<\/a><\/p>\n","protected":false},"author":1,"featured_media":0,"comment_status":"open","ping_status":"open","sticky":false,"template":"","format":"standard","meta":[],"categories":[1],"tags":[],"_links":{"self":[{"href":"https:\/\/www.schloss-buedesheim.de\/index.php?rest_route=\/wp\/v2\/posts\/158"}],"collection":[{"href":"https:\/\/www.schloss-buedesheim.de\/index.php?rest_route=\/wp\/v2\/posts"}],"about":[{"href":"https:\/\/www.schloss-buedesheim.de\/index.php?rest_route=\/wp\/v2\/types\/post"}],"author":[{"embeddable":true,"href":"https:\/\/www.schloss-buedesheim.de\/index.php?rest_route=\/wp\/v2\/users\/1"}],"replies":[{"embeddable":true,"href":"https:\/\/www.schloss-buedesheim.de\/index.php?rest_route=%2Fwp%2Fv2%2Fcomments&post=158"}],"version-history":[{"count":1,"href":"https:\/\/www.schloss-buedesheim.de\/index.php?rest_route=\/wp\/v2\/posts\/158\/revisions"}],"predecessor-version":[{"id":159,"href":"https:\/\/www.schloss-buedesheim.de\/index.php?rest_route=\/wp\/v2\/posts\/158\/revisions\/159"}],"wp:attachment":[{"href":"https:\/\/www.schloss-buedesheim.de\/index.php?rest_route=%2Fwp%2Fv2%2Fmedia&parent=158"}],"wp:term":[{"taxonomy":"category","embeddable":true,"href":"https:\/\/www.schloss-buedesheim.de\/index.php?rest_route=%2Fwp%2Fv2%2Fcategories&post=158"},{"taxonomy":"post_tag","embeddable":true,"href":"https:\/\/www.schloss-buedesheim.de\/index.php?rest_route=%2Fwp%2Fv2%2Ftags&post=158"}],"curies":[{"name":"wp","href":"https:\/\/api.w.org\/{rel}","templated":true}]}}